{"id":606,"date":"2025-03-19T09:52:25","date_gmt":"2025-03-19T12:52:25","guid":{"rendered":"https:\/\/giicso.ar\/?p=606"},"modified":"2025-03-19T09:56:13","modified_gmt":"2025-03-19T12:56:13","slug":"v-congreso-latinoamericano-de-teoria-social","status":"publish","type":"post","link":"https:\/\/giicso.ar\/index.php\/2025\/03\/19\/v-congreso-latinoamericano-de-teoria-social\/","title":{"rendered":"V Congreso Latinoamericano de Teor\u00eda Social"},"content":{"rendered":"\t\t<div data-elementor-type=\"wp-post\" data-elementor-id=\"606\" class=\"elementor elementor-606\">\n\t\t\t\t<div class=\"elementor-element elementor-element-9bb6d4c e-flex e-con-boxed e-con e-parent\" data-id=\"9bb6d4c\" data-element_type=\"container\">\n\t\t\t\t\t<div class=\"e-con-inner\">\n\t\t\t\t<div class=\"elementor-element elementor-element-52712d5 elementor-widget elementor-widget-heading\" data-id=\"52712d5\" data-element_type=\"widget\" data-widget_type=\"heading.default\">\n\t\t\t\t<div class=\"elementor-widget-container\">\n\t\t\t\t\t<h5 class=\"elementor-heading-title elementor-size-default\">ENCUENTRO<\/h5>\t\t\t\t<\/div>\n\t\t\t\t<\/div>\n\t\t\t\t<div class=\"elementor-element elementor-element-5af8d7a elementor-widget elementor-widget-heading\" data-id=\"5af8d7a\" data-element_type=\"widget\" data-widget_type=\"heading.default\">\n\t\t\t\t<div class=\"elementor-widget-container\">\n\t\t\t\t\t<h1 class=\"elementor-heading-title elementor-size-default\"> V Congreso Latinoamericano de Teor\u00eda Social<\/h1>\t\t\t\t<\/div>\n\t\t\t\t<\/div>\n\t\t\t\t\t<\/div>\n\t\t\t\t<\/div>\n\t\t<div class=\"elementor-element elementor-element-ac66cbc e-flex e-con-boxed e-con e-parent\" data-id=\"ac66cbc\" data-element_type=\"container\">\n\t\t\t\t\t<div class=\"e-con-inner\">\n\t\t<div class=\"elementor-element elementor-element-785e866 e-con-full e-flex e-con e-child\" data-id=\"785e866\" data-element_type=\"container\">\n\t\t\t\t<div class=\"elementor-element elementor-element-a02180b elementor-widget elementor-widget-text-editor\" data-id=\"a02180b\" data-element_type=\"widget\" data-widget_type=\"text-editor.default\">\n\t\t\t\t<div class=\"elementor-widget-container\">\n\t\t\t\t\t\t\t\t\t<p>\u00a0<\/p><p>\u00a0<\/p><p>En el marco el<strong> V Congreso Latinoamericano de Teor\u00eda Social<\/strong>, los y las invitamos a participar de la Mesa #42 <em><strong>\u201cInfraestructuras extractivistas y conflictos socioterritoriales: perspectivas te\u00f3rico metodol\u00f3gicas para su abordaje\u201d.<\/strong><\/em><\/p><p>Se recibir\u00e1n contribuciones que aporten al di\u00e1logo e intercambio de saberes acerca del impacto de los modelos de producci\u00f3n sobre los territorios y sus perspectivas de abordaje te\u00f3ricas y metodol\u00f3gicas; especialmente problematizaciones vinculadas a las mega obras de infraestructura y la integraci\u00f3n f\u00edsica regional, las desigualdades e injusticias socioterritoriales, los procesos de negociaci\u00f3n y conflicto, en este contexto contempor\u00e1neo de crisis m\u00faltiple.<\/p><p><strong>Coordinaci\u00f3n:<\/strong> Grupo de Investigaci\u00f3n sobre Infraestructura y conflictos socioterritoriales (GIICSO).<\/p><p><strong>Modalidad:<\/strong> VIRTUAL<br \/>Recepci\u00f3n de res\u00famenes hasta el 21 de abril:<\/p>\t\t\t\t\t\t\t\t<\/div>\n\t\t\t\t<\/div>\n\t\t\t\t<div class=\"elementor-element elementor-element-156e992 elementor-align-center elementor-widget elementor-widget-button\" data-id=\"156e992\" data-element_type=\"widget\" data-widget_type=\"button.default\">\n\t\t\t\t<div class=\"elementor-widget-container\">\n\t\t\t\t\t\t\t\t\t<div class=\"elementor-button-wrapper\">\n\t\t\t\t\t<a class=\"elementor-button elementor-button-link elementor-size-sm\" href=\"https:\/\/docs.google.com\/forms\/d\/e\/1FAIpQLSfzMa9gqhpn01w-d_na_uIF1QCgO66CLb08_81qA4EIT55t0w\/viewform\">\n\t\t\t\t\t\t<span class=\"elementor-button-content-wrapper\">\n\t\t\t\t\t\t\t\t\t<span class=\"elementor-button-text\">INSCRIPCI\u00d3N<\/span>\n\t\t\t\t\t<\/span>\n\t\t\t\t\t<\/a>\n\t\t\t\t<\/div>\n\t\t\t\t\t\t\t\t<\/div>\n\t\t\t\t<\/div>\n\t\t\t\t<\/div>\n\t\t<div class=\"elementor-element elementor-element-ecfe425 e-con-full e-flex e-con e-child\" data-id=\"ecfe425\" data-element_type=\"container\">\n\t\t\t\t<div class=\"elementor-element elementor-element-e0830ab elementor-widget elementor-widget-image\" data-id=\"e0830ab\" data-element_type=\"widget\" data-widget_type=\"image.default\">\n\t\t\t\t<div class=\"elementor-widget-container\">\n\t\t\t\t\t\t\t\t\t\t\t\t\t\t\t<img fetchpriority=\"high\" decoding=\"async\" width=\"800\" height=\"1000\" src=\"https:\/\/giicso.ar\/wp-content\/uploads\/2025\/03\/Sin-titulo-819x1024.jpg\" class=\"attachment-large size-large wp-image-608\" alt=\"\" srcset=\"https:\/\/giicso.ar\/wp-content\/uploads\/2025\/03\/Sin-titulo-819x1024.jpg 819w, https:\/\/giicso.ar\/wp-content\/uploads\/2025\/03\/Sin-titulo-240x300.jpg 240w, https:\/\/giicso.ar\/wp-content\/uploads\/2025\/03\/Sin-titulo-768x960.jpg 768w, https:\/\/giicso.ar\/wp-content\/uploads\/2025\/03\/Sin-titulo.jpg 1080w\" sizes=\"(max-width: 800px) 100vw, 800px\" \/>\t\t\t\t\t\t\t\t\t\t\t\t\t\t\t<\/div>\n\t\t\t\t<\/div>\n\t\t\t\t<\/div>\n\t\t\t\t\t<\/div>\n\t\t\t\t<\/div>\n\t\t\t\t<\/div>\n\t\t","protected":false},"excerpt":{"rendered":"<p>ENCUENTRO V Congreso Latinoamericano de Teor\u00eda Social \u00a0 \u00a0 En el marco el V Congreso Latinoamericano de Teor\u00eda Social, los y las invitamos a participar de la Mesa #42 \u201cInfraestructuras extractivistas y conflictos socioterritoriales: perspectivas te\u00f3rico metodol\u00f3gicas para su abordaje\u201d. Se recibir\u00e1n contribuciones que aporten al di\u00e1logo e intercambio de saberes acerca del impacto de [&hellip;]<\/p>\n","protected":false},"author":1,"featured_media":0,"comment_status":"open","ping_status":"open","sticky":false,"template":"","format":"standard","meta":{"footnotes":""},"categories":[4],"tags":[],"class_list":["post-606","post","type-post","status-publish","format-standard","hentry","category-seminarios-cursos-y-talleres"],"_links":{"self":[{"href":"https:\/\/giicso.ar\/index.php\/wp-json\/wp\/v2\/posts\/606","targetHints":{"allow":["GET"]}}],"collection":[{"href":"https:\/\/giicso.ar\/index.php\/wp-json\/wp\/v2\/posts"}],"about":[{"href":"https:\/\/giicso.ar\/index.php\/wp-json\/wp\/v2\/types\/post"}],"author":[{"embeddable":true,"href":"https:\/\/giicso.ar\/index.php\/wp-json\/wp\/v2\/users\/1"}],"replies":[{"embeddable":true,"href":"https:\/\/giicso.ar\/index.php\/wp-json\/wp\/v2\/comments?post=606"}],"version-history":[{"count":8,"href":"https:\/\/giicso.ar\/index.php\/wp-json\/wp\/v2\/posts\/606\/revisions"}],"predecessor-version":[{"id":615,"href":"https:\/\/giicso.ar\/index.php\/wp-json\/wp\/v2\/posts\/606\/revisions\/615"}],"wp:attachment":[{"href":"https:\/\/giicso.ar\/index.php\/wp-json\/wp\/v2\/media?parent=606"}],"wp:term":[{"taxonomy":"category","embeddable":true,"href":"https:\/\/giicso.ar\/index.php\/wp-json\/wp\/v2\/categories?post=606"},{"taxonomy":"post_tag","embeddable":true,"href":"https:\/\/giicso.ar\/index.php\/wp-json\/wp\/v2\/tags?post=606"}],"curies":[{"name":"wp","href":"https:\/\/api.w.org\/{rel}","templated":true}]}}