{"id":460,"date":"2025-01-02T20:30:54","date_gmt":"2025-01-02T23:30:54","guid":{"rendered":"https:\/\/giicso.ar\/?p=460"},"modified":"2025-01-02T21:04:09","modified_gmt":"2025-01-03T00:04:09","slug":"iii-jornadas-de-geografias-del-conflicto","status":"publish","type":"post","link":"https:\/\/giicso.ar\/index.php\/2025\/01\/02\/iii-jornadas-de-geografias-del-conflicto\/","title":{"rendered":"III Jornadas de Geograf\u00edas del Conflicto"},"content":{"rendered":"\t\t<div data-elementor-type=\"wp-post\" data-elementor-id=\"460\" class=\"elementor elementor-460\">\n\t\t\t\t<div class=\"elementor-element elementor-element-c4b7e4e e-con-full e-flex e-con e-parent\" data-id=\"c4b7e4e\" data-element_type=\"container\">\n\t\t\t\t<div class=\"elementor-element elementor-element-870635b elementor-widget elementor-widget-heading\" data-id=\"870635b\" data-element_type=\"widget\" data-widget_type=\"heading.default\">\n\t\t\t\t<div class=\"elementor-widget-container\">\n\t\t\t\t\t<h2 class=\"elementor-heading-title elementor-size-default\">III Jornadas de Geograf\u00edas del Conflicto<\/h2>\t\t\t\t<\/div>\n\t\t\t\t<\/div>\n\t\t\t\t<\/div>\n\t\t<div class=\"elementor-element elementor-element-f607446 e-flex e-con-boxed e-con e-parent\" data-id=\"f607446\" data-element_type=\"container\">\n\t\t\t\t\t<div class=\"e-con-inner\">\n\t\t<div class=\"elementor-element elementor-element-31acb8f e-con-full e-flex e-con e-child\" data-id=\"31acb8f\" data-element_type=\"container\">\n\t\t\t\t<div class=\"elementor-element elementor-element-979a958 elementor-widget elementor-widget-image\" data-id=\"979a958\" data-element_type=\"widget\" data-widget_type=\"image.default\">\n\t\t\t\t<div class=\"elementor-widget-container\">\n\t\t\t\t\t\t\t\t\t\t\t\t\t\t\t<img fetchpriority=\"high\" decoding=\"async\" width=\"800\" height=\"985\" src=\"https:\/\/giicso.ar\/wp-content\/uploads\/2025\/01\/WhatsApp-Image-2025-01-02-at-20.27.43-832x1024.jpeg\" class=\"attachment-large size-large wp-image-462\" alt=\"\" srcset=\"https:\/\/giicso.ar\/wp-content\/uploads\/2025\/01\/WhatsApp-Image-2025-01-02-at-20.27.43-832x1024.jpeg 832w, https:\/\/giicso.ar\/wp-content\/uploads\/2025\/01\/WhatsApp-Image-2025-01-02-at-20.27.43-244x300.jpeg 244w, https:\/\/giicso.ar\/wp-content\/uploads\/2025\/01\/WhatsApp-Image-2025-01-02-at-20.27.43-768x945.jpeg 768w, https:\/\/giicso.ar\/wp-content\/uploads\/2025\/01\/WhatsApp-Image-2025-01-02-at-20.27.43.jpeg 1080w\" sizes=\"(max-width: 800px) 100vw, 800px\" \/>\t\t\t\t\t\t\t\t\t\t\t\t\t\t\t<\/div>\n\t\t\t\t<\/div>\n\t\t\t\t<\/div>\n\t\t<div class=\"elementor-element elementor-element-6f211fd e-con-full e-flex e-con e-child\" data-id=\"6f211fd\" data-element_type=\"container\">\n\t\t\t\t<div class=\"elementor-element elementor-element-750f290 elementor-widget elementor-widget-text-editor\" data-id=\"750f290\" data-element_type=\"widget\" data-widget_type=\"text-editor.default\">\n\t\t\t\t<div class=\"elementor-widget-container\">\n\t\t\t\t\t\t\t\t\t<p>Desde el grupo de investigaci\u00f3n \u201cAl Borde (construyendo pensamiento indisciplinado)\u201d, afincado en el Centro de Investigaciones Geogr\u00e1ficas del IdIHCS (CONICET-UNLP), nos invitaron a participar de las III Jornadas de Geograf\u00edas del Conflicto \u201cImaginaci\u00f3n pol\u00edtica desde los territorios frente a la crisis multidimensional\u201c realizadas en la ciudad de La Plata (Buenos Aires) los d\u00edas jueves 14 y viernes 15 de noviembre de 2024. En ese marco el GIICSO coordin\u00f3 la Mesa 1. \u201cConflictos socioterritoriales y extractivismos\u201d. <br \/>Durante los \u00faltimos a\u00f1os, los conflictos socioterritoriales provocados por las actividades extractivas y la infraestructura asociada a ellas, han cobrado cierta relevancia a ra\u00edz de su expansi\u00f3n y del recrudecimiento de sus modalidades de acci\u00f3n. En su impacto, han logrado articular m\u00faltiples dimensiones de la vida social y comunitaria. Ante esta situaci\u00f3n, se han evidenciado los l\u00edmites de los instrumentos conceptuales para comprender esos conflictos en pos de pensar posibles alternativas, eje articulador de esta mesa.<\/p>\t\t\t\t\t\t\t\t<\/div>\n\t\t\t\t<\/div>\n\t\t\t\t<\/div>\n\t\t\t\t\t<\/div>\n\t\t\t\t<\/div>\n\t\t<div class=\"elementor-element elementor-element-8a1beb1 e-flex e-con-boxed e-con e-parent\" data-id=\"8a1beb1\" data-element_type=\"container\">\n\t\t\t\t\t<div class=\"e-con-inner\">\n\t\t\t\t<div class=\"elementor-element elementor-element-684deac elementor-widget elementor-widget-image\" data-id=\"684deac\" data-element_type=\"widget\" data-widget_type=\"image.default\">\n\t\t\t\t<div class=\"elementor-widget-container\">\n\t\t\t\t\t\t\t\t\t\t\t\t\t\t\t<img decoding=\"async\" width=\"800\" height=\"360\" src=\"https:\/\/giicso.ar\/wp-content\/uploads\/2025\/01\/WhatsApp-Image-2025-01-02-at-20.42.55-1024x461.jpeg\" class=\"attachment-large size-large wp-image-466\" alt=\"\" srcset=\"https:\/\/giicso.ar\/wp-content\/uploads\/2025\/01\/WhatsApp-Image-2025-01-02-at-20.42.55-1024x461.jpeg 1024w, https:\/\/giicso.ar\/wp-content\/uploads\/2025\/01\/WhatsApp-Image-2025-01-02-at-20.42.55-300x135.jpeg 300w, https:\/\/giicso.ar\/wp-content\/uploads\/2025\/01\/WhatsApp-Image-2025-01-02-at-20.42.55-768x346.jpeg 768w, https:\/\/giicso.ar\/wp-content\/uploads\/2025\/01\/WhatsApp-Image-2025-01-02-at-20.42.55-1536x691.jpeg 1536w, https:\/\/giicso.ar\/wp-content\/uploads\/2025\/01\/WhatsApp-Image-2025-01-02-at-20.42.55.jpeg 1600w\" sizes=\"(max-width: 800px) 100vw, 800px\" \/>\t\t\t\t\t\t\t\t\t\t\t\t\t\t\t<\/div>\n\t\t\t\t<\/div>\n\t\t\t\t\t<\/div>\n\t\t\t\t<\/div>\n\t\t\t\t<\/div>\n\t\t","protected":false},"excerpt":{"rendered":"<p>III Jornadas de Geograf\u00edas del Conflicto Desde el grupo de investigaci\u00f3n \u201cAl Borde (construyendo pensamiento indisciplinado)\u201d, afincado en el Centro de Investigaciones Geogr\u00e1ficas del IdIHCS (CONICET-UNLP), nos invitaron a participar de las III Jornadas de Geograf\u00edas del Conflicto \u201cImaginaci\u00f3n pol\u00edtica desde los territorios frente a la crisis multidimensional\u201c realizadas en la ciudad de La Plata [&hellip;]<\/p>\n","protected":false},"author":1,"featured_media":0,"comment_status":"closed","ping_status":"open","sticky":false,"template":"","format":"standard","meta":{"footnotes":""},"categories":[3],"tags":[],"class_list":["post-460","post","type-post","status-publish","format-standard","hentry","category-encuentros"],"_links":{"self":[{"href":"https:\/\/giicso.ar\/index.php\/wp-json\/wp\/v2\/posts\/460","targetHints":{"allow":["GET"]}}],"collection":[{"href":"https:\/\/giicso.ar\/index.php\/wp-json\/wp\/v2\/posts"}],"about":[{"href":"https:\/\/giicso.ar\/index.php\/wp-json\/wp\/v2\/types\/post"}],"author":[{"embeddable":true,"href":"https:\/\/giicso.ar\/index.php\/wp-json\/wp\/v2\/users\/1"}],"replies":[{"embeddable":true,"href":"https:\/\/giicso.ar\/index.php\/wp-json\/wp\/v2\/comments?post=460"}],"version-history":[{"count":7,"href":"https:\/\/giicso.ar\/index.php\/wp-json\/wp\/v2\/posts\/460\/revisions"}],"predecessor-version":[{"id":469,"href":"https:\/\/giicso.ar\/index.php\/wp-json\/wp\/v2\/posts\/460\/revisions\/469"}],"wp:attachment":[{"href":"https:\/\/giicso.ar\/index.php\/wp-json\/wp\/v2\/media?parent=460"}],"wp:term":[{"taxonomy":"category","embeddable":true,"href":"https:\/\/giicso.ar\/index.php\/wp-json\/wp\/v2\/categories?post=460"},{"taxonomy":"post_tag","embeddable":true,"href":"https:\/\/giicso.ar\/index.php\/wp-json\/wp\/v2\/tags?post=460"}],"curies":[{"name":"wp","href":"https:\/\/api.w.org\/{rel}","templated":true}]}}